[{"@context":"https:\/\/schema.org\/","@type":"Article","@id":"https:\/\/www.emmer.sk\/chladenie-v-byte-ci-aj-v-dodavkach\/#Article","mainEntityOfPage":"https:\/\/www.emmer.sk\/chladenie-v-byte-ci-aj-v-dodavkach\/","headline":"Chladenie v byte \u010di aj v dod\u00e1vkach","name":"Chladenie v byte \u010di aj v dod\u00e1vkach","description":"Po\u010duli ste o klimatiz\u00e1cii zna\u010dky samsung windfree? Je to vynikaj\u00faca zna\u010dka klimatiz\u00e1cie, ktor\u00e1 v\u00e1m dod\u00e1 prav\u00e9 osvie\u017eenie. Byty s\u00fa pr\u00edli\u0161 rozp\u00e1len\u00e9 od slne\u010dn\u00fdch l\u00fa\u010dov. Ke\u010f\u017ee sa v dne\u0161nej dobe stavaj\u00fa panel\u00e1kov\u00e9 domy na s\u00eddlisk\u00e1ch tesne ved\u013ea seba, slne\u010dn\u00e9 l\u00fa\u010de sa v\u00e1m odr\u00e1\u017eaj\u00fa aj do v\u00e1\u0161ho bytu za pomoci bl\u00edzkeho panel\u00e1kov\u00e9ho domu. Je to ve\u013emi nepr\u00edjemn\u00e9. [&hellip;]","datePublished":"2024-06-08","dateModified":"2024-06-08","author":{"@type":"Person","@id":"https:\/\/www.emmer.sk\/author\/#Person","name":"","url":"https:\/\/www.emmer.sk\/author\/","identifier":1,"image":{"@type":"ImageObject","@id":"https:\/\/secure.gravatar.com\/avatar\/68b3ed45b3ae6ecdad6bfa25b4077e93536d7764172b2830acbdb661d7242512?s=96&d=mm&r=g","url":"https:\/\/secure.gravatar.com\/avatar\/68b3ed45b3ae6ecdad6bfa25b4077e93536d7764172b2830acbdb661d7242512?s=96&d=mm&r=g","height":96,"width":96}},"publisher":{"@type":"Organization","name":"emmer.sk","logo":{"@type":"ImageObject","@id":"\/logo.png","url":"\/logo.png","width":600,"height":60}},"image":{"@type":"ImageObject","@id":"https:\/\/www.emmer.sk\/wp-content\/uploads\/air-conditioning-387006_640.jpg","url":"https:\/\/www.emmer.sk\/wp-content\/uploads\/air-conditioning-387006_640.jpg","height":0,"width":0},"url":"https:\/\/www.emmer.sk\/chladenie-v-byte-ci-aj-v-dodavkach\/","wordCount":421,"articleBody":"   Po\u010duli ste o klimatiz\u00e1cii zna\u010dky samsung windfree? Je to vynikaj\u00faca zna\u010dka klimatiz\u00e1cie, ktor\u00e1 v\u00e1m dod\u00e1 prav\u00e9 osvie\u017eenie. Byty s\u00fa pr\u00edli\u0161 rozp\u00e1len\u00e9 od slne\u010dn\u00fdch l\u00fa\u010dov. Ke\u010f\u017ee sa v dne\u0161nej dobe stavaj\u00fa panel\u00e1kov\u00e9 domy na s\u00eddlisk\u00e1ch tesne ved\u013ea seba, slne\u010dn\u00e9 l\u00fa\u010de sa v\u00e1m odr\u00e1\u017eaj\u00fa aj do v\u00e1\u0161ho bytu za pomoci bl\u00edzkeho panel\u00e1kov\u00e9ho domu. Je to ve\u013emi nepr\u00edjemn\u00e9. Navy\u0161e sa byty zateplili a udr\u017eiava sa v nich teplo, ktor\u00e9 pri\u0161lo z prehriatych stien panel\u00e1kov\u00e9ho domu. S t\u00fdm ni\u010d neviete ve\u013emi urobi\u0165. Stropn\u00fd ventil\u00e1tor v\u00e1m len rozv\u00edri tepl\u00fd vzduch a vy nedosiahnete osvie\u017eenie. Viete, \u010do by v\u00e1m pomohlo?Stropn\u00fd ventil\u00e1tor si viete zapn\u00fa\u0165, no ve\u013emi v\u00e1m to neu\u013eah\u010d\u00ed vo va\u0161om poten\u00ed. Poti\u0165 sa budete aj na\u010falej. Pomohla by v\u00e1m pr\u00e1ve klimatiz\u00e1cia. Viete, ko\u013eko \u013eud\u00ed si nech\u00e1va pr\u00e1ve v tomto okamihu namontova\u0165 do bytu klimatiz\u00e1ciu? Mont\u00e1\u017eny pracovn\u00edci maj\u00fa pln\u00e9 ruky pr\u00e1ce. Nezastavia sa. V\u017edy sa n\u00e1jde nejak\u00fd \u010dlovek, ktor\u00fd si zak\u00fapi klimatiz\u00e1ciu a nech\u00e1 si ju namontova\u0165 odborn\u00edkom. Montovanie klimatiz\u00e1cie nie je n\u00e1ro\u010dn\u00e9, no potrebujete k tomu aj patri\u010dn\u00e9 vybavenie. To by ste dlho zh\u00e1\u0148ali. Pracovn\u00edk m\u00e1 v\u0161etko potrebn\u00e9 hne\u010f u seba a vie presne, ako m\u00e1 va\u0161u nov\u00fa klimatiz\u00e1ciu namontova\u0165. Montuje klimatiz\u00e1cie ka\u017ed\u00fd de\u0148.Klimatiz\u00e1ciu nepotrebujete len v byte. Vedeli ste, \u017ee existuj\u00fa aj klimatiz\u00e1cie do dod\u00e1vok alebo kami\u00f3nov? Pr\u00e1ve v takejto firme pracujem. Denne montujeme ve\u013emi ve\u013ea chladiarensk\u00fdch agreg\u00e1tov pr\u00e1ve do n\u00e1kladn\u00fdch vozidiel. Aj tovar, ktor\u00fd sa prepravuje do r\u00f4znych obchodov s potravinami mus\u00ed ma\u0165 spr\u00e1vnu teplotu. Pri dovoze by sa bez vhodnej klimatiz\u00e1cie pokazil. Vedeli ste, \u017ee aj kvety alebo lieky musia by\u0165 prev\u00e1\u017ean\u00e9 pri ur\u010ditej teplote? Pre spr\u00e1vnu teplotu aj tak\u00e9to spolo\u010dnosti vyu\u017e\u00edvaj\u00fa r\u00f4zne chladiarensk\u00e9 agreg\u00e1ty. Dosiahnutie spr\u00e1vnej teploty budete ma\u0165, ak na dia\u013ekovom ovl\u00e1da\u010di nastav\u00edte teplotu, ktor\u00fa by ste chceli ma\u0165 vo svojom byte. Nie je to zlo\u017eit\u00e9 a zvl\u00e1dne to aj \u00fapln\u00fd amat\u00e9r. Hor\u0161ie je to s nastaven\u00edm ovl\u00e1da\u010dov na ve\u013ek\u00fdch chladiarensk\u00fdch agreg\u00e1tov na kami\u00f3noch.                                                                                                                                                                                                                                                                                                                                                                                          4.3\/5 - (7 votes)        "},{"@context":"https:\/\/schema.org\/","@type":"BreadcrumbList","itemListElement":[{"@type":"ListItem","position":1,"name":"Chladenie v byte \u010di aj v dod\u00e1vkach","item":"https:\/\/www.emmer.sk\/chladenie-v-byte-ci-aj-v-dodavkach\/#breadcrumbitem"}]}]